{"id":843,"global_id":"www.schwarzwaldverein-st-georgen.de?id=843","global_id_lineage":["www.schwarzwaldverein-st-georgen.de?id=843"],"author":"1","status":"publish","date":"2019-01-18 09:54:58","date_utc":"2019-01-18 08:54:58","modified":"2019-01-18 11:10:35","modified_utc":"2019-01-18 10:10:35","url":"https:\/\/www.schwarzwaldverein-st-georgen.de\/index.php\/event\/rote-raute-treff-fuerstengrab-im-franziskanermuseum\/","rest_url":"https:\/\/www.schwarzwaldverein-st-georgen.de\/index.php\/wp-json\/tribe\/events\/v1\/events\/843","title":"Rote &#8211; Raute &#8211; Treff: F\u00fcrstengrab im Franziskanermuseum","description":"<p>Besuch des F\u00fcrstengrabs im Franziskanermuseum, Villingen, zur Einstimmung auf die nachfolgende Wanderung<\/p>\n<table>\n<tbody>\n<tr>\n<td class=\"tdh_wp\">Wanderf\u00fchrer:<\/td>\n<td class=\"tdh_wp\">Peter Meixner<\/td>\n<\/tr>\n<tr>\n<td class=\"td_wp\">Gehzeit:<\/td>\n<td class=\"td_wp\">\n,<\/td>\n<\/tr>\n<tr>\n<td class=\"td_wp\">Treffpunkt:<\/td>\n<td class=\"td_wp\">14:30 Uhr, St. Georgen, Parkplatz am Klosterweiher<\/td>\n<\/tr>\n<tr>\n<td class=\"td_wp\">Anmeldung:<\/td>\n<td class=\"td_wp\">07724\/916635<\/td>\n<\/tr>\n<\/tbody>\n<\/table>\n<p>Die h\u00f6lzerne Grabkammer des F\u00fcrstengrabes (Foto: Michael Kienzler)<\/p>","excerpt":"","slug":"rote-raute-treff-fuerstengrab-im-franziskanermuseum","image":{"url":"https:\/\/www.schwarzwaldverein-st-georgen.de\/wp-content\/uploads\/2019\/Fuerstengrab.jpg","id":710,"extension":"jpg","width":600,"height":400,"sizes":{"thumbnail":{"width":150,"height":150,"mime-type":"image\/jpeg","url":"https:\/\/www.schwarzwaldverein-st-georgen.de\/wp-content\/uploads\/2019\/Fuerstengrab-150x150.jpg"},"medium":{"width":300,"height":200,"mime-type":"image\/jpeg","url":"https:\/\/www.schwarzwaldverein-st-georgen.de\/wp-content\/uploads\/2019\/Fuerstengrab-300x200.jpg"},"graphene_slider":{"width":600,"height":400,"mime-type":"image\/jpeg","url":"https:\/\/www.schwarzwaldverein-st-georgen.de\/wp-content\/uploads\/2019\/Fuerstengrab-600x400.jpg"}}},"all_day":false,"start_date":"2019-07-26 14:30:00","start_date_details":{"year":"2019","month":"07","day":"26","hour":"14","minutes":"30","seconds":"00"},"end_date":"2019-07-26 14:30:00","end_date_details":{"year":"2019","month":"07","day":"26","hour":"14","minutes":"30","seconds":"00"},"utc_start_date":"2019-07-26 12:30:00","utc_start_date_details":{"year":"2019","month":"07","day":"26","hour":"12","minutes":"30","seconds":"00"},"utc_end_date":"2019-07-26 12:30:00","utc_end_date_details":{"year":"2019","month":"07","day":"26","hour":"12","minutes":"30","seconds":"00"},"timezone":"Europe\/Berlin","timezone_abbr":"CEST","cost":"","cost_details":{"currency_symbol":"","currency_code":"","currency_position":"prefix","values":[]},"website":"","show_map":true,"show_map_link":true,"hide_from_listings":false,"sticky":false,"featured":false,"categories":[{"name":"Jahresprogramm","slug":"jahresprogramm","term_group":0,"term_taxonomy_id":2,"taxonomy":"tribe_events_cat","description":"","parent":0,"count":328,"filter":"raw","id":2,"urls":{"self":"https:\/\/www.schwarzwaldverein-st-georgen.de\/index.php\/wp-json\/tribe\/events\/v1\/categories\/2","collection":"https:\/\/www.schwarzwaldverein-st-georgen.de\/index.php\/wp-json\/tribe\/events\/v1\/categories"}},{"name":"Rote-Raute-Treff","slug":"rote-raute-treff","term_group":0,"term_taxonomy_id":3,"taxonomy":"tribe_events_cat","description":"","parent":2,"count":52,"filter":"raw","id":3,"urls":{"self":"https:\/\/www.schwarzwaldverein-st-georgen.de\/index.php\/wp-json\/tribe\/events\/v1\/categories\/3","collection":"https:\/\/www.schwarzwaldverein-st-georgen.de\/index.php\/wp-json\/tribe\/events\/v1\/categories","up":"https:\/\/www.schwarzwaldverein-st-georgen.de\/index.php\/wp-json\/tribe\/events\/v1\/categories\/2"}}],"tags":[],"venue":{"id":753,"author":"1","status":"publish","date":"2019-01-18 08:40:39","date_utc":"2019-01-18 07:40:39","modified":"2019-01-18 08:40:39","modified_utc":"2019-01-18 07:40:39","url":"https:\/\/www.schwarzwaldverein-st-georgen.de\/index.php\/veranstaltungsort\/parkhaus-ihk-ausgang-voehrenbacher-str\/","venue":"Parkhaus IHK, Ausgang V\u00f6hrenbacher Str.","slug":"parkhaus-ihk-ausgang-voehrenbacher-str","address":"Peterzeller Str. 8","city":"Villingen-Schwennigen","country":"Deutschland","zip":"78048","json_ld":{"@type":"Place","name":"Parkhaus IHK, Ausgang V\u00f6hrenbacher Str.","description":"","url":"","address":{"@type":"PostalAddress","streetAddress":"Peterzeller Str. 8","addressLocality":"Villingen-Schwennigen","postalCode":"78048","addressCountry":"Deutschland"},"telephone":"","sameAs":""},"show_map":false,"show_map_link":false,"global_id":"www.schwarzwaldverein-st-georgen.de?id=753","global_id_lineage":["www.schwarzwaldverein-st-georgen.de?id=753"]},"organizer":[{"id":270,"author":"1","status":"publish","date":"2017-11-24 15:22:54","date_utc":"2017-11-24 14:22:54","modified":"2019-01-18 11:15:32","modified_utc":"2019-01-18 10:15:32","url":"https:\/\/www.schwarzwaldverein-st-georgen.de\/index.php\/veranstalter\/schwarzwaldverein-e-v-ortsgruppe-st-georgen\/","organizer":"Schwarzwaldverein e.V. Ortsgruppe St. Georgen","slug":"schwarzwaldverein-e-v-ortsgruppe-st-georgen","website":"https:\/\/www.schwarzwaldverein-st-georgen.de","email":"info@schwarzwaldverein-st-georgen.de","json_ld":{"@type":"Person","name":"Schwarzwaldverein e.V. Ortsgruppe St. Georgen","description":"","url":"https:\/\/www.schwarzwaldverein-st-georgen.de","telephone":"","email":"&#105;&#110;f&#111;&#64;schwa&#114;&#122;wa&#108;dv&#101;rein&#45;st-geor&#103;&#101;&#110;.de","sameAs":"https:\/\/www.schwarzwaldverein-st-georgen.de"},"global_id":"www.schwarzwaldverein-st-georgen.de?id=270","global_id_lineage":["www.schwarzwaldverein-st-georgen.de?id=270"]}],"custom_fields":[],"json_ld":{"@context":"http:\/\/schema.org","@type":"Event","name":"Rote &#8211; Raute &#8211; Treff: F\u00fcrstengrab im Franziskanermuseum","description":"&lt;p&gt;Besuch des F\u00fcrstengrabs im Franziskanermuseum, Villingen, zur Einstimmung auf die nachfolgende Wanderung Wanderf\u00fchrer: Peter Meixner Gehzeit: , Treffpunkt: 14:30 Uhr, St. Georgen, Parkplatz am Klosterweiher Anmeldung: 07724\/916635 Die h\u00f6lzerne Grabkammer des F\u00fcrstengrabes (Foto: Michael Kienzler)&lt;\/p&gt;\\n","image":"https:\/\/www.schwarzwaldverein-st-georgen.de\/wp-content\/uploads\/2019\/Fuerstengrab.jpg","url":"https:\/\/www.schwarzwaldverein-st-georgen.de\/index.php\/event\/rote-raute-treff-fuerstengrab-im-franziskanermuseum\/","eventAttendanceMode":"https:\/\/schema.org\/OfflineEventAttendanceMode","eventStatus":"https:\/\/schema.org\/EventScheduled","startDate":"2019-07-26T14:30:00+02:00","endDate":"2019-07-26T14:30:00+02:00","location":{"@type":"Place","name":"Parkhaus IHK, Ausgang V\u00f6hrenbacher Str.","description":"","url":"","address":{"@type":"PostalAddress","streetAddress":"Peterzeller Str. 8","addressLocality":"Villingen-Schwennigen","postalCode":"78048","addressCountry":"Deutschland"},"telephone":"","sameAs":""},"organizer":{"@type":"Person","name":"Schwarzwaldverein e.V. Ortsgruppe St. Georgen","description":"","url":"https:\/\/www.schwarzwaldverein-st-georgen.de","telephone":"","email":"&#105;n&#102;&#111;&#64;&#115;&#99;&#104;&#119;a&#114;z&#119;a&#108;&#100;&#118;e&#114;&#101;&#105;n&#45;&#115;t&#45;&#103;&#101;or&#103;e&#110;&#46;&#100;&#101;","sameAs":"https:\/\/www.schwarzwaldverein-st-georgen.de"},"performer":"Organization"},"ticketed":false}