{"id":838,"global_id":"www.schwarzwaldverein-st-georgen.de?id=838","global_id_lineage":["www.schwarzwaldverein-st-georgen.de?id=838"],"author":"1","status":"publish","date":"2019-01-18 09:54:57","date_utc":"2019-01-18 08:54:57","modified":"2019-01-18 11:29:16","modified_utc":"2019-01-18 10:29:16","url":"https:\/\/www.schwarzwaldverein-st-georgen.de\/index.php\/event\/wunderbares-wellness-wandern-im-franzoesischen-jura\/","rest_url":"https:\/\/www.schwarzwaldverein-st-georgen.de\/index.php\/wp-json\/tribe\/events\/v1\/events\/838","title":"Wunderbares-Wellness-Wandern im Franz\u00f6sischen Jura","description":"<p>Nach dem erfolgreichen Auftakt im Allg\u00e4u geht es \u00fcber Pfingsten ins Franz\u00f6sische Jura. Wir wohnen in einem komplett renovierten alten Cottage. Das 250 qm gro\u00dfe gem\u00fctliche Haus bietet auf zwei Etagen in 5 Zimmern Platz f\u00fcr bis zu 14 Personen. Geplant sind &#8211; je nach Wetter, Lust und Kondition der Teilnehmer \u2013 vier bis f\u00fcnf Wanderungen. Dabei gilt es neben der zauberhaften Landschaft des Jura, mit vielen Felsen, Wasserf\u00e4llen und H\u00f6hlen auch zahlreiche historische Orte zu entdecken. So besichtigen wir auf dem Hinweg das historische Zentrum von Besan\u00e7on, mit seinen sch\u00f6nen Patrizierh\u00e4usern, der Kathedrale Saint-Jean und der ins UNESCO-Weltkulturerbe aufgenommenen Zitadelle. Die Wanderungen sind mittelschwer. H\u00e4ufig geht es dabei \u00fcber Kalkboden und Felsen, die bei N\u00e4sse schnell rutschig werden. Gute Wanderschuhe und Trittsicherheit sind daher wichtig. Wanderst\u00f6cke sind hilfreich. Am Abend kochen wir gemeinsam in der gro\u00dfen offenen K\u00fcche unseres Ferienhauses oder grillen auf der Terrasse. Wer mag, der kann in der neuen Sauna des Ferienhauses relaxen. Kosten f\u00fcr 5 \u00dcbernachtungen: ca. 130 \u20ac\/Person zzgl. Kosten f\u00fcr die gemeinsame Verpflegung, Fahrtkosten und Kurtaxe. Nichtmitglieder zahlen eine Orga-Pauschale in H\u00f6he von 10 \u20ac. Achtung: Begrenzte Teilnehmerzahl!<\/p>\n<table>\n<tbody>\n<tr>\n<td class=\"tdh_wp\">Organisation:<\/td>\n<td class=\"tdh_wp\">Asdrid und Thomas Scholz<\/td>\n<\/tr>\n<tr>\n<td class=\"td_wp\">Gehzeit:<\/td>\n<td class=\"td_wp\"><\/td>\n<\/tr>\n<tr>\n<td class=\"td_wp\">Kategorie 4<\/td>\n<td class=\"td_wp\"><img loading=\"lazy\" decoding=\"async\" class=\"alignnone\" src=\"https:\/\/www.schwarzwaldverein-st-georgen.de\/wp-content\/uploads\/SchwarzBlauRaute.png\" alt=\"\" width=\"30\" height=\"16\" \/><\/td>\n<\/tr>\n<tr>\n<td class=\"td_wp\">Treffpunkt:<\/td>\n<td class=\"td_wp\"><\/td>\n<\/tr>\n<tr>\n<td class=\"td_wp\">Anmeldung:<\/td>\n<td class=\"td_wp\">N\u00e4here Ausk\u00fcnfte: 07724 \/ 918 838<\/td>\n<\/tr>\n<\/tbody>\n<\/table>\n<p>Foto: http:\/\/www.gitelentredeuxmondes.com\/<\/p>","excerpt":"","slug":"wunderbares-wellness-wandern-im-franzoesischen-jura","image":{"url":"https:\/\/www.schwarzwaldverein-st-georgen.de\/wp-content\/uploads\/2019\/Jura2.jpg","id":716,"extension":"jpg","width":960,"height":404,"sizes":{"thumbnail":{"width":150,"height":150,"mime-type":"image\/jpeg","url":"https:\/\/www.schwarzwaldverein-st-georgen.de\/wp-content\/uploads\/2019\/Jura2-150x150.jpg"},"medium":{"width":300,"height":126,"mime-type":"image\/jpeg","url":"https:\/\/www.schwarzwaldverein-st-georgen.de\/wp-content\/uploads\/2019\/Jura2-300x126.jpg"},"medium_large":{"width":768,"height":323,"mime-type":"image\/jpeg","url":"https:\/\/www.schwarzwaldverein-st-georgen.de\/wp-content\/uploads\/2019\/Jura2-768x323.jpg"},"graphene_slider":{"width":750,"height":400,"mime-type":"image\/jpeg","url":"https:\/\/www.schwarzwaldverein-st-georgen.de\/wp-content\/uploads\/2019\/Jura2-750x400.jpg"}}},"all_day":false,"start_date":"2019-06-10 00:00:00","start_date_details":{"year":"2019","month":"06","day":"10","hour":"00","minutes":"00","seconds":"00"},"end_date":"2019-06-15 00:00:00","end_date_details":{"year":"2019","month":"06","day":"15","hour":"00","minutes":"00","seconds":"00"},"utc_start_date":"2019-06-09 22:00:00","utc_start_date_details":{"year":"2019","month":"06","day":"09","hour":"22","minutes":"00","seconds":"00"},"utc_end_date":"2019-06-14 22:00:00","utc_end_date_details":{"year":"2019","month":"06","day":"14","hour":"22","minutes":"00","seconds":"00"},"timezone":"Europe\/Berlin","timezone_abbr":"CEST","cost":"","cost_details":{"currency_symbol":"","currency_code":"","currency_position":"prefix","values":[]},"website":"","show_map":true,"show_map_link":true,"hide_from_listings":false,"sticky":false,"featured":false,"categories":[{"name":"Jahresprogramm","slug":"jahresprogramm","term_group":0,"term_taxonomy_id":2,"taxonomy":"tribe_events_cat","description":"","parent":0,"count":328,"filter":"raw","id":2,"urls":{"self":"https:\/\/www.schwarzwaldverein-st-georgen.de\/index.php\/wp-json\/tribe\/events\/v1\/categories\/2","collection":"https:\/\/www.schwarzwaldverein-st-georgen.de\/index.php\/wp-json\/tribe\/events\/v1\/categories"}},{"name":"Wanderreise","slug":"wanderreise","term_group":0,"term_taxonomy_id":9,"taxonomy":"tribe_events_cat","description":"","parent":2,"count":18,"filter":"raw","id":9,"urls":{"self":"https:\/\/www.schwarzwaldverein-st-georgen.de\/index.php\/wp-json\/tribe\/events\/v1\/categories\/9","collection":"https:\/\/www.schwarzwaldverein-st-georgen.de\/index.php\/wp-json\/tribe\/events\/v1\/categories","up":"https:\/\/www.schwarzwaldverein-st-georgen.de\/index.php\/wp-json\/tribe\/events\/v1\/categories\/2"}}],"tags":[],"venue":{"id":745,"author":"1","status":"publish","date":"2019-01-18 08:40:37","date_utc":"2019-01-18 07:40:37","modified":"2019-01-18 08:40:37","modified_utc":"2019-01-18 07:40:37","url":"https:\/\/www.schwarzwaldverein-st-georgen.de\/index.php\/veranstaltungsort\/franzoesisch-jura\/","venue":"Franz\u00f6sisch Jura","slug":"franzoesisch-jura","address":"158 rue Principale","city":"Entre Deux Monts","country":"Frankreich","zip":"39150","json_ld":{"@type":"Place","name":"Franz\u00f6sisch Jura","description":"","url":"","address":{"@type":"PostalAddress","streetAddress":"158 rue Principale","addressLocality":"Entre Deux Monts","postalCode":"39150","addressCountry":"Frankreich"},"telephone":"","sameAs":""},"show_map":false,"show_map_link":false,"global_id":"www.schwarzwaldverein-st-georgen.de?id=745","global_id_lineage":["www.schwarzwaldverein-st-georgen.de?id=745"]},"organizer":[{"id":270,"author":"1","status":"publish","date":"2017-11-24 15:22:54","date_utc":"2017-11-24 14:22:54","modified":"2019-01-18 11:15:32","modified_utc":"2019-01-18 10:15:32","url":"https:\/\/www.schwarzwaldverein-st-georgen.de\/index.php\/veranstalter\/schwarzwaldverein-e-v-ortsgruppe-st-georgen\/","organizer":"Schwarzwaldverein e.V. Ortsgruppe St. Georgen","slug":"schwarzwaldverein-e-v-ortsgruppe-st-georgen","website":"https:\/\/www.schwarzwaldverein-st-georgen.de","email":"info@schwarzwaldverein-st-georgen.de","json_ld":{"@type":"Person","name":"Schwarzwaldverein e.V. Ortsgruppe St. Georgen","description":"","url":"https:\/\/www.schwarzwaldverein-st-georgen.de","telephone":"","email":"inf&#111;&#64;s&#99;&#104;warzwal&#100;&#118;&#101;re&#105;&#110;&#45;s&#116;&#45;g&#101;&#111;rgen&#46;d&#101;","sameAs":"https:\/\/www.schwarzwaldverein-st-georgen.de"},"global_id":"www.schwarzwaldverein-st-georgen.de?id=270","global_id_lineage":["www.schwarzwaldverein-st-georgen.de?id=270"]}],"custom_fields":[],"json_ld":{"@context":"http:\/\/schema.org","@type":"Event","name":"Wunderbares-Wellness-Wandern im Franz\u00f6sischen Jura","description":"&lt;p&gt;Nach dem erfolgreichen Auftakt im Allg\u00e4u geht es \u00fcber Pfingsten ins Franz\u00f6sische Jura. Wir wohnen in einem komplett renovierten alten Cottage. Das 250 qm gro\u00dfe gem\u00fctliche Haus bietet auf zwei Etagen in 5 Zimmern Platz f\u00fcr bis zu 14 Personen. Geplant sind - je nach Wetter, Lust und Kondition der Teilnehmer \u2013 vier bis f\u00fcnf &hellip; &lt;\/p&gt;\\n&lt;p&gt;&lt;a class=&quot;more-link btn&quot; href=&quot;https:\/\/www.schwarzwaldverein-st-georgen.de\/index.php\/event\/wunderbares-wellness-wandern-im-franzoesischen-jura\/&quot;&gt;Weiterlesen&lt;\/a&gt;&lt;\/p&gt;\\n","image":"https:\/\/www.schwarzwaldverein-st-georgen.de\/wp-content\/uploads\/2019\/Jura2.jpg","url":"https:\/\/www.schwarzwaldverein-st-georgen.de\/index.php\/event\/wunderbares-wellness-wandern-im-franzoesischen-jura\/","eventAttendanceMode":"https:\/\/schema.org\/OfflineEventAttendanceMode","eventStatus":"https:\/\/schema.org\/EventScheduled","startDate":"2019-06-10T00:00:00+02:00","endDate":"2019-06-15T00:00:00+02:00","location":{"@type":"Place","name":"Franz\u00f6sisch Jura","description":"","url":"","address":{"@type":"PostalAddress","streetAddress":"158 rue Principale","addressLocality":"Entre Deux Monts","postalCode":"39150","addressCountry":"Frankreich"},"telephone":"","sameAs":""},"organizer":{"@type":"Person","name":"Schwarzwaldverein e.V. Ortsgruppe St. Georgen","description":"","url":"https:\/\/www.schwarzwaldverein-st-georgen.de","telephone":"","email":"&#105;nf&#111;&#64;&#115;chwa&#114;z&#119;a&#108;d&#118;&#101;&#114;&#101;in&#45;s&#116;-&#103;&#101;&#111;&#114;&#103;e&#110;&#46;&#100;e","sameAs":"https:\/\/www.schwarzwaldverein-st-georgen.de"},"performer":"Organization"},"ticketed":false}