{"id":2925,"global_id":"www.schwarzwaldverein-st-georgen.de?id=2925","global_id_lineage":["www.schwarzwaldverein-st-georgen.de?id=2925"],"author":"1","status":"publish","date":"2026-01-25 17:23:54","date_utc":"2026-01-25 16:23:54","modified":"2026-02-06 14:26:55","modified_utc":"2026-02-06 13:26:55","url":"https:\/\/www.schwarzwaldverein-st-georgen.de\/index.php\/event\/wunderbares-wellness-wandern-in-inzell-2\/","rest_url":"https:\/\/www.schwarzwaldverein-st-georgen.de\/index.php\/wp-json\/tribe\/events\/v1\/events\/2925","title":"Wunderbares-Wellness-Wandern in Inzell","description":"<p>Save the Date: Wandertage in Inzell! Wir freuen uns, schon heute die Wandertage in Inzell ank\u00fcndigen zu d\u00fcrfen! Die genauen \u00dcbernachtungsm\u00f6glichkeiten sowie die geplanten Wandertouren stehen derzeit noch nicht fest. Alle wichtigen Informationen werden wir rechtzeitig in der Presse, auf Crossiety sowie Online auf unserer Homepage ver\u00f6ffentlichen. Bleiben Sie gespannt &#8211; es erwarten Sie abwechslungsreiche Wandertage voller Natur, Bewegung und Gemeinschaft!<br \/>\nWanderf\u00fchrung: Astrid und Thomas Scholz<\/p>\n<table>\n<tbody>\n<tr>\n<td class=\"tdh_wp\">Wanderf\u00fchrung:<\/td>\n<td class=\"tdh_wp\">Astrid und Thomas Scholz<\/td>\n<\/tr>\n<tr>\n<td class=\"td_wp\">Gehzeit:<\/td>\n<td class=\"td_wp\"><\/td>\n<\/tr>\n<tr>\n<td class=\"td_wp\">Kategorie 3<\/td>\n<td class=\"td_wp\"><img loading=\"lazy\" decoding=\"async\" class=\"alignnone\" src=\"https:\/\/www.schwarzwaldverein-st-georgen.de\/wp-content\/uploads\/blaueRaute.png\" alt=\"\" width=\"30\" height=\"16\" \/><\/td>\n<\/tr>\n<tr>\n<td class=\"td_wp\">Treffpunkt:<\/td>\n<td class=\"td_wp\"><\/td>\n<\/tr>\n<tr>\n<td class=\"td_wp\">Anmeldung:<\/td>\n<td class=\"td_wp\"><\/td>\n<\/tr>\n<\/tbody>\n<\/table>\n<p><small>Bildquelle: www.best-mountain-artists.de<\/small><\/p>","excerpt":"","slug":"wunderbares-wellness-wandern-in-inzell-2","image":{"url":"https:\/\/www.schwarzwaldverein-st-georgen.de\/wp-content\/uploads\/2026\/Inzell-Gamsknogel-und-Kohleralm.jpg","id":2798,"extension":"jpg","width":1600,"height":1067,"filesize":531701,"sizes":{"medium":{"width":300,"height":200,"mime-type":"image\/jpeg","filesize":20207,"url":"https:\/\/www.schwarzwaldverein-st-georgen.de\/wp-content\/uploads\/2026\/Inzell-Gamsknogel-und-Kohleralm-300x200.jpg"},"large":{"width":1024,"height":683,"mime-type":"image\/jpeg","filesize":163339,"url":"https:\/\/www.schwarzwaldverein-st-georgen.de\/wp-content\/uploads\/2026\/Inzell-Gamsknogel-und-Kohleralm-1024x683.jpg"},"thumbnail":{"width":150,"height":150,"mime-type":"image\/jpeg","filesize":10101,"url":"https:\/\/www.schwarzwaldverein-st-georgen.de\/wp-content\/uploads\/2026\/Inzell-Gamsknogel-und-Kohleralm-150x150.jpg"},"medium_large":{"width":768,"height":512,"mime-type":"image\/jpeg","filesize":97451,"url":"https:\/\/www.schwarzwaldverein-st-georgen.de\/wp-content\/uploads\/2026\/Inzell-Gamsknogel-und-Kohleralm-768x512.jpg"},"1536x1536":{"width":1536,"height":1024,"mime-type":"image\/jpeg","filesize":331687,"url":"https:\/\/www.schwarzwaldverein-st-georgen.de\/wp-content\/uploads\/2026\/Inzell-Gamsknogel-und-Kohleralm-1536x1024.jpg"},"graphene_slider":{"width":750,"height":400,"mime-type":"image\/jpeg","filesize":78654,"url":"https:\/\/www.schwarzwaldverein-st-georgen.de\/wp-content\/uploads\/2026\/Inzell-Gamsknogel-und-Kohleralm-750x400.jpg"},"graphene_featured_image":{"width":1140,"height":760,"mime-type":"image\/jpeg","filesize":197679,"url":"https:\/\/www.schwarzwaldverein-st-georgen.de\/wp-content\/uploads\/2026\/Inzell-Gamsknogel-und-Kohleralm-1140x760.jpg"},"post-thumbnail":{"width":1170,"height":426,"mime-type":"image\/jpeg","filesize":127777,"url":"https:\/\/www.schwarzwaldverein-st-georgen.de\/wp-content\/uploads\/2026\/Inzell-Gamsknogel-und-Kohleralm-1170x426.jpg"}}},"all_day":false,"start_date":"2026-05-31 00:00:00","start_date_details":{"year":"2026","month":"05","day":"31","hour":"00","minutes":"00","seconds":"00"},"end_date":"2026-06-04 00:00:00","end_date_details":{"year":"2026","month":"06","day":"04","hour":"00","minutes":"00","seconds":"00"},"utc_start_date":"2026-05-30 22:00:00","utc_start_date_details":{"year":"2026","month":"05","day":"30","hour":"22","minutes":"00","seconds":"00"},"utc_end_date":"2026-06-03 22:00:00","utc_end_date_details":{"year":"2026","month":"06","day":"03","hour":"22","minutes":"00","seconds":"00"},"timezone":"Europe\/Berlin","timezone_abbr":"CEST","cost":"","cost_details":{"currency_symbol":"","currency_code":"","currency_position":"prefix","values":[]},"website":"","show_map":false,"show_map_link":false,"hide_from_listings":false,"sticky":false,"featured":false,"categories":[{"name":"Jahresprogramm","slug":"jahresprogramm","term_group":0,"term_taxonomy_id":2,"taxonomy":"tribe_events_cat","description":"","parent":0,"count":328,"filter":"raw","id":2,"urls":{"self":"https:\/\/www.schwarzwaldverein-st-georgen.de\/index.php\/wp-json\/tribe\/events\/v1\/categories\/2","collection":"https:\/\/www.schwarzwaldverein-st-georgen.de\/index.php\/wp-json\/tribe\/events\/v1\/categories"}},{"name":"Wanderreise","slug":"wanderreise","term_group":0,"term_taxonomy_id":9,"taxonomy":"tribe_events_cat","description":"","parent":2,"count":18,"filter":"raw","id":9,"urls":{"self":"https:\/\/www.schwarzwaldverein-st-georgen.de\/index.php\/wp-json\/tribe\/events\/v1\/categories\/9","collection":"https:\/\/www.schwarzwaldverein-st-georgen.de\/index.php\/wp-json\/tribe\/events\/v1\/categories","up":"https:\/\/www.schwarzwaldverein-st-georgen.de\/index.php\/wp-json\/tribe\/events\/v1\/categories\/2"}},{"name":"Wanderung","slug":"wanderung","term_group":0,"term_taxonomy_id":7,"taxonomy":"tribe_events_cat","description":"","parent":2,"count":134,"filter":"raw","id":7,"urls":{"self":"https:\/\/www.schwarzwaldverein-st-georgen.de\/index.php\/wp-json\/tribe\/events\/v1\/categories\/7","collection":"https:\/\/www.schwarzwaldverein-st-georgen.de\/index.php\/wp-json\/tribe\/events\/v1\/categories","up":"https:\/\/www.schwarzwaldverein-st-georgen.de\/index.php\/wp-json\/tribe\/events\/v1\/categories\/2"}}],"tags":[],"venue":[],"organizer":[{"id":1318,"author":"1","status":"publish","date":"2021-01-22 10:04:49","date_utc":"2021-01-22 09:04:49","modified":"2021-01-22 10:04:49","modified_utc":"2021-01-22 09:04:49","url":"https:\/\/www.schwarzwaldverein-st-georgen.de\/index.php\/veranstalter\/schwarzwaldverein-st-georgen-e-v\/","organizer":"Schwarzwaldverein St. Georgen e.V.","slug":"schwarzwaldverein-st-georgen-e-v","website":"www.schwarzwaldverein-st-georgen.de","email":"info@schwarzwaldverein-st-georgen.de","json_ld":{"@type":"Person","name":"Schwarzwaldverein St. Georgen e.V.","description":"","url":"http:\/\/www.schwarzwaldverein-st-georgen.de","telephone":"","email":"in&#102;&#111;&#64;schw&#97;r&#122;wa&#108;&#100;&#118;er&#101;in&#45;&#115;t&#45;&#103;&#101;&#111;r&#103;e&#110;.d&#101;","sameAs":"http:\/\/www.schwarzwaldverein-st-georgen.de"},"global_id":"www.schwarzwaldverein-st-georgen.de?id=1318","global_id_lineage":["www.schwarzwaldverein-st-georgen.de?id=1318"]}],"custom_fields":[],"json_ld":{"@context":"http:\/\/schema.org","@type":"Event","name":"Wunderbares-Wellness-Wandern in Inzell","description":"&lt;p&gt;Save the Date: Wandertage in Inzell! Wir freuen uns, schon heute die Wandertage in Inzell ank\u00fcndigen zu d\u00fcrfen! Die genauen \u00dcbernachtungsm\u00f6glichkeiten sowie die geplanten Wandertouren stehen derzeit noch nicht fest. Alle wichtigen Informationen werden wir rechtzeitig in der Presse, auf Crossiety sowie Online auf unserer Homepage ver\u00f6ffentlichen. Bleiben Sie gespannt - es erwarten Sie abwechslungsreiche &hellip; &lt;\/p&gt;\\n&lt;p&gt;&lt;a class=&quot;more-link btn&quot; href=&quot;https:\/\/www.schwarzwaldverein-st-georgen.de\/index.php\/event\/wunderbares-wellness-wandern-in-inzell-2\/&quot;&gt;Weiterlesen&lt;\/a&gt;&lt;\/p&gt;\\n","image":"https:\/\/www.schwarzwaldverein-st-georgen.de\/wp-content\/uploads\/2026\/Inzell-Gamsknogel-und-Kohleralm.jpg","url":"https:\/\/www.schwarzwaldverein-st-georgen.de\/index.php\/event\/wunderbares-wellness-wandern-in-inzell-2\/","eventAttendanceMode":"https:\/\/schema.org\/OfflineEventAttendanceMode","eventStatus":"https:\/\/schema.org\/EventScheduled","startDate":"2026-05-31T00:00:00+02:00","endDate":"2026-06-04T00:00:00+02:00","organizer":{"@type":"Person","name":"Schwarzwaldverein St. Georgen e.V.","description":"","url":"http:\/\/www.schwarzwaldverein-st-georgen.de","telephone":"","email":"&#105;nfo&#64;&#115;c&#104;w&#97;&#114;z&#119;&#97;l&#100;&#118;&#101;r&#101;&#105;&#110;-&#115;&#116;-&#103;e&#111;r&#103;&#101;&#110;&#46;&#100;e","sameAs":"http:\/\/www.schwarzwaldverein-st-georgen.de"},"performer":"Organization"},"ticketed":false}