{"id":2681,"global_id":"www.schwarzwaldverein-st-georgen.de?id=2681","global_id_lineage":["www.schwarzwaldverein-st-georgen.de?id=2681"],"author":"1","status":"publish","date":"2025-02-10 11:14:52","date_utc":"2025-02-10 10:14:52","modified":"2025-02-25 15:45:04","modified_utc":"2025-02-25 14:45:04","url":"https:\/\/www.schwarzwaldverein-st-georgen.de\/index.php\/event\/schwarzwaldverein-kaffeetreff-46\/","rest_url":"https:\/\/www.schwarzwaldverein-st-georgen.de\/index.php\/wp-json\/tribe\/events\/v1\/events\/2681","title":"Schwarzwaldverein &#8211; Kaffeetreff","description":"<p>Gemeinsames, gem\u00fctliches Kaffeetrinken und sch\u00f6ne Gespr\u00e4che im Restaurant Feinwerk. Jeden 1. Mittwoch eines Monats ab 15 Uhr. G\u00e4ste herzlich willkommen. <\/p>\n<table>\n<tbody>\n<tr>\n<td class=\"tdh_wp\">Wanderf\u00fchrung: <\/td>\n<td class=\"tdh_wp\">Gabi Erchinger<\/td>\n<\/tr>\n<tr>\n<td class=\"td_wp\">Gehzeit:<\/td>\n<td class=\"td_wp\"><\/td>\n<\/tr>\n<tr>\n<td class=\"td_wp\">Treffpunkt:<\/td>\n<td class=\"td_wp\">15:00 Uhr, Restaurant Feinwerk<\/td>\n<\/tr>\n<tr>\n<td class=\"td_wp\">Anmeldung:<\/td>\n<td class=\"td_wp\"><\/td>\n<\/tr>\n<\/tbody>\n<\/table>\n<p><small>Bildquelle: <a href=\"https:\/\/pixabay.com\/de\/service\/license\/\" target=\"_blank\">Pixabay License<\/a><\/small><\/p>","excerpt":"","slug":"schwarzwaldverein-kaffeetreff-46","image":{"url":"https:\/\/www.schwarzwaldverein-st-georgen.de\/wp-content\/uploads\/2022\/coffee-mug-1743338.png","id":1778,"extension":"png","width":2000,"height":1541,"sizes":{"medium":{"width":300,"height":231,"mime-type":"image\/png","url":"https:\/\/www.schwarzwaldverein-st-georgen.de\/wp-content\/uploads\/2022\/coffee-mug-1743338-300x231.png"},"large":{"width":1024,"height":789,"mime-type":"image\/png","url":"https:\/\/www.schwarzwaldverein-st-georgen.de\/wp-content\/uploads\/2022\/coffee-mug-1743338-1024x789.png"},"thumbnail":{"width":150,"height":150,"mime-type":"image\/png","url":"https:\/\/www.schwarzwaldverein-st-georgen.de\/wp-content\/uploads\/2022\/coffee-mug-1743338-150x150.png"},"medium_large":{"width":768,"height":592,"mime-type":"image\/png","url":"https:\/\/www.schwarzwaldverein-st-georgen.de\/wp-content\/uploads\/2022\/coffee-mug-1743338-768x592.png"},"1536x1536":{"width":1536,"height":1183,"mime-type":"image\/png","url":"https:\/\/www.schwarzwaldverein-st-georgen.de\/wp-content\/uploads\/2022\/coffee-mug-1743338-1536x1183.png"},"graphene_slider":{"width":750,"height":400,"mime-type":"image\/png","url":"https:\/\/www.schwarzwaldverein-st-georgen.de\/wp-content\/uploads\/2022\/coffee-mug-1743338-750x400.png"},"graphene_featured_image":{"width":1140,"height":878,"mime-type":"image\/png","url":"https:\/\/www.schwarzwaldverein-st-georgen.de\/wp-content\/uploads\/2022\/coffee-mug-1743338-1140x878.png"},"post-thumbnail":{"width":1170,"height":426,"mime-type":"image\/png","url":"https:\/\/www.schwarzwaldverein-st-georgen.de\/wp-content\/uploads\/2022\/coffee-mug-1743338-1170x426.png"}}},"all_day":false,"start_date":"2025-12-03 15:00:00","start_date_details":{"year":"2025","month":"12","day":"03","hour":"15","minutes":"00","seconds":"00"},"end_date":"2025-12-03 15:00:00","end_date_details":{"year":"2025","month":"12","day":"03","hour":"15","minutes":"00","seconds":"00"},"utc_start_date":"2025-12-03 14:00:00","utc_start_date_details":{"year":"2025","month":"12","day":"03","hour":"14","minutes":"00","seconds":"00"},"utc_end_date":"2025-12-03 14:00:00","utc_end_date_details":{"year":"2025","month":"12","day":"03","hour":"14","minutes":"00","seconds":"00"},"timezone":"Europe\/Berlin","timezone_abbr":"CET","cost":"","cost_details":{"currency_symbol":"","currency_code":"","currency_position":"prefix","values":[]},"website":"","show_map":true,"show_map_link":true,"hide_from_listings":false,"sticky":false,"featured":false,"categories":[{"name":"Jahresprogramm","slug":"jahresprogramm","term_group":0,"term_taxonomy_id":2,"taxonomy":"tribe_events_cat","description":"","parent":0,"count":328,"filter":"raw","id":2,"urls":{"self":"https:\/\/www.schwarzwaldverein-st-georgen.de\/index.php\/wp-json\/tribe\/events\/v1\/categories\/2","collection":"https:\/\/www.schwarzwaldverein-st-georgen.de\/index.php\/wp-json\/tribe\/events\/v1\/categories"}},{"name":"Veranstaltung\/Fest","slug":"veranstaltungen-fest","term_group":0,"term_taxonomy_id":10,"taxonomy":"tribe_events_cat","description":"","parent":2,"count":115,"filter":"raw","id":10,"urls":{"self":"https:\/\/www.schwarzwaldverein-st-georgen.de\/index.php\/wp-json\/tribe\/events\/v1\/categories\/10","collection":"https:\/\/www.schwarzwaldverein-st-georgen.de\/index.php\/wp-json\/tribe\/events\/v1\/categories","up":"https:\/\/www.schwarzwaldverein-st-georgen.de\/index.php\/wp-json\/tribe\/events\/v1\/categories\/2"}}],"tags":[],"venue":{"id":1805,"author":"1","status":"publish","date":"2021-12-20 16:53:42","date_utc":"2021-12-20 15:53:42","modified":"2021-12-20 16:53:42","modified_utc":"2021-12-20 15:53:42","url":"https:\/\/www.schwarzwaldverein-st-georgen.de\/index.php\/veranstaltungsort\/hotel-feinwerk\/","venue":"Hotel Feinwerk","slug":"hotel-feinwerk","address":"Museumstra\u00dfe 1","city":"St. Georgen","country":"Deutschland","zip":"78112","json_ld":{"@type":"Place","name":"Hotel Feinwerk","description":"","url":"","address":{"@type":"PostalAddress","streetAddress":"Museumstra\u00dfe 1","addressLocality":"St. Georgen","postalCode":"78112","addressCountry":"Deutschland"},"telephone":"","sameAs":""},"show_map":false,"show_map_link":false,"global_id":"www.schwarzwaldverein-st-georgen.de?id=1805","global_id_lineage":["www.schwarzwaldverein-st-georgen.de?id=1805"]},"organizer":[{"id":1318,"author":"1","status":"publish","date":"2021-01-22 10:04:49","date_utc":"2021-01-22 09:04:49","modified":"2021-01-22 10:04:49","modified_utc":"2021-01-22 09:04:49","url":"https:\/\/www.schwarzwaldverein-st-georgen.de\/index.php\/veranstalter\/schwarzwaldverein-st-georgen-e-v\/","organizer":"Schwarzwaldverein St. Georgen e.V.","slug":"schwarzwaldverein-st-georgen-e-v","website":"www.schwarzwaldverein-st-georgen.de","email":"info@schwarzwaldverein-st-georgen.de","json_ld":{"@type":"Person","name":"Schwarzwaldverein St. Georgen e.V.","description":"","url":"http:\/\/www.schwarzwaldverein-st-georgen.de","telephone":"","email":"i&#110;f&#111;&#64;schwarzwal&#100;v&#101;&#114;&#101;i&#110;&#45;&#115;t&#45;&#103;&#101;&#111;&#114;g&#101;n&#46;de","sameAs":"http:\/\/www.schwarzwaldverein-st-georgen.de"},"global_id":"www.schwarzwaldverein-st-georgen.de?id=1318","global_id_lineage":["www.schwarzwaldverein-st-georgen.de?id=1318"]}],"custom_fields":[],"json_ld":{"@context":"http:\/\/schema.org","@type":"Event","name":"Schwarzwaldverein &#8211; Kaffeetreff","description":"&lt;p&gt;Gemeinsames, gem\u00fctliches Kaffeetrinken und sch\u00f6ne Gespr\u00e4che im Restaurant Feinwerk. Jeden 1. Mittwoch eines Monats ab 15 Uhr. G\u00e4ste herzlich willkommen. Wanderf\u00fchrung: Gabi Erchinger Gehzeit:Treffpunkt:15:00 Uhr, Restaurant Feinwerk Anmeldung: Bildquelle: Pixabay License&lt;\/p&gt;\\n","image":"https:\/\/www.schwarzwaldverein-st-georgen.de\/wp-content\/uploads\/2022\/coffee-mug-1743338.png","url":"https:\/\/www.schwarzwaldverein-st-georgen.de\/index.php\/event\/schwarzwaldverein-kaffeetreff-46\/","eventAttendanceMode":"https:\/\/schema.org\/OfflineEventAttendanceMode","eventStatus":"https:\/\/schema.org\/EventScheduled","startDate":"2025-12-03T15:00:00+01:00","endDate":"2025-12-03T15:00:00+01:00","location":{"@type":"Place","name":"Hotel Feinwerk","description":"","url":"","address":{"@type":"PostalAddress","streetAddress":"Museumstra\u00dfe 1","addressLocality":"St. Georgen","postalCode":"78112","addressCountry":"Deutschland"},"telephone":"","sameAs":""},"organizer":{"@type":"Person","name":"Schwarzwaldverein St. Georgen e.V.","description":"","url":"http:\/\/www.schwarzwaldverein-st-georgen.de","telephone":"","email":"in&#102;&#111;&#64;s&#99;hw&#97;r&#122;wa&#108;&#100;v&#101;&#114;e&#105;n&#45;st&#45;&#103;&#101;&#111;r&#103;&#101;n.&#100;&#101;","sameAs":"http:\/\/www.schwarzwaldverein-st-georgen.de"},"performer":"Organization"},"ticketed":false}