{"id":2391,"global_id":"www.schwarzwaldverein-st-georgen.de?id=2391","global_id_lineage":["www.schwarzwaldverein-st-georgen.de?id=2391"],"author":"1","status":"publish","date":"2024-01-30 15:36:14","date_utc":"2024-01-30 14:36:14","modified":"2024-02-03 11:01:45","modified_utc":"2024-02-03 10:01:45","url":"https:\/\/www.schwarzwaldverein-st-georgen.de\/index.php\/event\/10-jahre-nationalpark-schwarzwald-was-hat-sich-veraendert\/","rest_url":"https:\/\/www.schwarzwaldverein-st-georgen.de\/index.php\/wp-json\/tribe\/events\/v1\/events\/2391","title":"10 Jahre Nationalpark Schwarzwald  Was hat sich ver\u00e4ndert?","description":"<p>Vom Nationalparkzentrum aus wandern wir, durch wundersch\u00f6ne Heidefl\u00e4chen zum Schliffkopf. Nach einer Pause geht es um den Vogelskopf zur\u00fcck zum Ruhestein. Immer wieder haben wir eine Fernsicht ins Renchtal und in die Rheinebene. Anschlie\u00dfend besteht die M\u00f6glichkeit zum Besuch der Ausstellung im Nationalparkzentrum oder zur gem\u00fctlichen Einkehr.<\/p>\n<p>reffpunkt: 09.00 Uhr Klosterweiher oder 10.30 Uhr Parkplatz Ruhestein (Parkgeb\u00fchren)  <\/p>\n<table>\n<tbody>\n<tr>\n<td class=\"tdh_wp\">Wanderf\u00fchrung: <\/td>\n<td class=\"tdh_wp\">Sabine Dannecker<\/td>\n<\/tr>\n<tr>\n<td class=\"td_wp\">Gehzeit:<\/td>\n<td class=\"td_wp\">ca. 3,5Std.<br \/>13 km<\/td>\n<\/tr>\n<tr>\n<td class=\"td_wp\">Kategorie 3<\/td>\n<td class=\"td_wp\"><img loading=\"lazy\" decoding=\"async\" class=\"alignnone\" src=\"https:\/\/www.schwarzwaldverein-st-georgen.de\/wp-content\/uploads\/blaueRaute.png\" alt=\"\" width=\"30\" height=\"16\" \/><\/td>\n<\/tr>\n<tr>\n<td class=\"td_wp\">Treffpunkt:<\/td>\n<td class=\"td_wp\">09:00 Uhr, Klosterweiher oder Parkplatz Ruhestein (Parkgeb\u00fchren)<\/td>\n<\/tr>\n<tr>\n<td class=\"td_wp\">Anmeldung:<\/td>\n<td class=\"td_wp\">07441 8601586<\/td>\n<\/tr>\n<\/tbody>\n<\/table>\n<p><small>Bildquelle: Sabine Dannecker <a>CC BY-ND<\/a><\/small><\/p>","excerpt":"","slug":"10-jahre-nationalpark-schwarzwald-was-hat-sich-veraendert","image":{"url":"https:\/\/www.schwarzwaldverein-st-georgen.de\/wp-content\/uploads\/2024\/20231009-122615_20231009_122615-scaled.jpg","id":2326,"extension":"jpg","width":2560,"height":1180,"filesize":576666,"sizes":{"medium":{"width":300,"height":138,"mime-type":"image\/jpeg","filesize":12329,"url":"https:\/\/www.schwarzwaldverein-st-georgen.de\/wp-content\/uploads\/2024\/20231009-122615_20231009_122615-300x138.jpg"},"large":{"width":1024,"height":472,"mime-type":"image\/jpeg","filesize":120988,"url":"https:\/\/www.schwarzwaldverein-st-georgen.de\/wp-content\/uploads\/2024\/20231009-122615_20231009_122615-1024x472.jpg"},"thumbnail":{"width":150,"height":150,"mime-type":"image\/jpeg","filesize":6793,"url":"https:\/\/www.schwarzwaldverein-st-georgen.de\/wp-content\/uploads\/2024\/20231009-122615_20231009_122615-150x150.jpg"},"medium_large":{"width":768,"height":354,"mime-type":"image\/jpeg","filesize":71196,"url":"https:\/\/www.schwarzwaldverein-st-georgen.de\/wp-content\/uploads\/2024\/20231009-122615_20231009_122615-768x354.jpg"},"1536x1536":{"width":1536,"height":708,"mime-type":"image\/jpeg","filesize":250989,"url":"https:\/\/www.schwarzwaldverein-st-georgen.de\/wp-content\/uploads\/2024\/20231009-122615_20231009_122615-1536x708.jpg"},"2048x2048":{"width":2048,"height":944,"mime-type":"image\/jpeg","filesize":402579,"url":"https:\/\/www.schwarzwaldverein-st-georgen.de\/wp-content\/uploads\/2024\/20231009-122615_20231009_122615-2048x944.jpg"},"graphene_slider":{"width":750,"height":400,"mime-type":"image\/jpeg","filesize":76251,"url":"https:\/\/www.schwarzwaldverein-st-georgen.de\/wp-content\/uploads\/2024\/20231009-122615_20231009_122615-750x400.jpg"},"graphene_featured_image":{"width":1140,"height":525,"mime-type":"image\/jpeg","filesize":148304,"url":"https:\/\/www.schwarzwaldverein-st-georgen.de\/wp-content\/uploads\/2024\/20231009-122615_20231009_122615-1140x525.jpg"},"post-thumbnail":{"width":1170,"height":426,"mime-type":"image\/jpeg","filesize":129432,"url":"https:\/\/www.schwarzwaldverein-st-georgen.de\/wp-content\/uploads\/2024\/20231009-122615_20231009_122615-1170x426.jpg"}},"original_image":"20231009-122615_20231009_122615.jpg"},"all_day":false,"start_date":"2024-08-25 09:00:00","start_date_details":{"year":"2024","month":"08","day":"25","hour":"09","minutes":"00","seconds":"00"},"end_date":"2024-08-25 09:00:00","end_date_details":{"year":"2024","month":"08","day":"25","hour":"09","minutes":"00","seconds":"00"},"utc_start_date":"2024-08-25 07:00:00","utc_start_date_details":{"year":"2024","month":"08","day":"25","hour":"07","minutes":"00","seconds":"00"},"utc_end_date":"2024-08-25 07:00:00","utc_end_date_details":{"year":"2024","month":"08","day":"25","hour":"07","minutes":"00","seconds":"00"},"timezone":"Europe\/Berlin","timezone_abbr":"CEST","cost":"","cost_details":{"currency_symbol":"","currency_code":"","currency_position":"prefix","values":[]},"website":"","show_map":true,"show_map_link":true,"hide_from_listings":false,"sticky":false,"featured":false,"categories":[{"name":"Jahresprogramm","slug":"jahresprogramm","term_group":0,"term_taxonomy_id":2,"taxonomy":"tribe_events_cat","description":"","parent":0,"count":328,"filter":"raw","id":2,"urls":{"self":"https:\/\/www.schwarzwaldverein-st-georgen.de\/index.php\/wp-json\/tribe\/events\/v1\/categories\/2","collection":"https:\/\/www.schwarzwaldverein-st-georgen.de\/index.php\/wp-json\/tribe\/events\/v1\/categories"}},{"name":"Wanderung","slug":"wanderung","term_group":0,"term_taxonomy_id":7,"taxonomy":"tribe_events_cat","description":"","parent":2,"count":134,"filter":"raw","id":7,"urls":{"self":"https:\/\/www.schwarzwaldverein-st-georgen.de\/index.php\/wp-json\/tribe\/events\/v1\/categories\/7","collection":"https:\/\/www.schwarzwaldverein-st-georgen.de\/index.php\/wp-json\/tribe\/events\/v1\/categories","up":"https:\/\/www.schwarzwaldverein-st-georgen.de\/index.php\/wp-json\/tribe\/events\/v1\/categories\/2"}}],"tags":[],"venue":{"id":2320,"author":"1","status":"publish","date":"2024-01-30 15:36:09","date_utc":"2024-01-30 14:36:09","modified":"2024-01-30 15:36:09","modified_utc":"2024-01-30 14:36:09","url":"https:\/\/www.schwarzwaldverein-st-georgen.de\/index.php\/veranstaltungsort\/nationalparkzentrum\/","venue":"Nationalparkzentrum","slug":"nationalparkzentrum","address":"Ruhestein 1","city":"Baiersbronn","country":"Deutschland","zip":"72270","json_ld":{"@type":"Place","name":"Nationalparkzentrum","description":"","url":"","address":{"@type":"PostalAddress","streetAddress":"Ruhestein 1","addressLocality":"Baiersbronn","postalCode":"72270","addressCountry":"Deutschland"},"telephone":"","sameAs":""},"show_map":false,"show_map_link":false,"global_id":"www.schwarzwaldverein-st-georgen.de?id=2320","global_id_lineage":["www.schwarzwaldverein-st-georgen.de?id=2320"]},"organizer":[{"id":1318,"author":"1","status":"publish","date":"2021-01-22 10:04:49","date_utc":"2021-01-22 09:04:49","modified":"2021-01-22 10:04:49","modified_utc":"2021-01-22 09:04:49","url":"https:\/\/www.schwarzwaldverein-st-georgen.de\/index.php\/veranstalter\/schwarzwaldverein-st-georgen-e-v\/","organizer":"Schwarzwaldverein St. Georgen e.V.","slug":"schwarzwaldverein-st-georgen-e-v","website":"www.schwarzwaldverein-st-georgen.de","email":"info@schwarzwaldverein-st-georgen.de","json_ld":{"@type":"Person","name":"Schwarzwaldverein St. Georgen e.V.","description":"","url":"http:\/\/www.schwarzwaldverein-st-georgen.de","telephone":"","email":"&#105;nfo&#64;sc&#104;&#119;arzw&#97;&#108;d&#118;&#101;r&#101;in&#45;&#115;&#116;&#45;&#103;&#101;or&#103;&#101;n.d&#101;","sameAs":"http:\/\/www.schwarzwaldverein-st-georgen.de"},"global_id":"www.schwarzwaldverein-st-georgen.de?id=1318","global_id_lineage":["www.schwarzwaldverein-st-georgen.de?id=1318"]}],"custom_fields":[],"json_ld":{"@context":"http:\/\/schema.org","@type":"Event","name":"10 Jahre Nationalpark Schwarzwald  Was hat sich ver\u00e4ndert?","description":"&lt;p&gt;Vom Nationalparkzentrum aus wandern wir, durch wundersch\u00f6ne Heidefl\u00e4chen zum Schliffkopf. Nach einer Pause geht es um den Vogelskopf zur\u00fcck zum Ruhestein. Immer wieder haben wir eine Fernsicht ins Renchtal und in die Rheinebene. Anschlie\u00dfend besteht die M\u00f6glichkeit zum Besuch der Ausstellung im Nationalparkzentrum oder zur gem\u00fctlichen Einkehr.reffpunkt: 09.00 Uhr Klosterweiher oder 10.30 Uhr Parkplatz Ruhestein &hellip; &lt;\/p&gt;\\n&lt;p&gt;&lt;a class=&quot;more-link btn&quot; href=&quot;https:\/\/www.schwarzwaldverein-st-georgen.de\/index.php\/event\/10-jahre-nationalpark-schwarzwald-was-hat-sich-veraendert\/&quot;&gt;Weiterlesen&lt;\/a&gt;&lt;\/p&gt;\\n","image":"https:\/\/www.schwarzwaldverein-st-georgen.de\/wp-content\/uploads\/2024\/20231009-122615_20231009_122615-scaled.jpg","url":"https:\/\/www.schwarzwaldverein-st-georgen.de\/index.php\/event\/10-jahre-nationalpark-schwarzwald-was-hat-sich-veraendert\/","eventAttendanceMode":"https:\/\/schema.org\/OfflineEventAttendanceMode","eventStatus":"https:\/\/schema.org\/EventScheduled","startDate":"2024-08-25T09:00:00+02:00","endDate":"2024-08-25T09:00:00+02:00","location":{"@type":"Place","name":"Nationalparkzentrum","description":"","url":"","address":{"@type":"PostalAddress","streetAddress":"Ruhestein 1","addressLocality":"Baiersbronn","postalCode":"72270","addressCountry":"Deutschland"},"telephone":"","sameAs":""},"organizer":{"@type":"Person","name":"Schwarzwaldverein St. Georgen e.V.","description":"","url":"http:\/\/www.schwarzwaldverein-st-georgen.de","telephone":"","email":"&#105;nfo&#64;sc&#104;&#119;&#97;&#114;zw&#97;l&#100;&#118;&#101;&#114;&#101;i&#110;-&#115;&#116;-ge&#111;&#114;ge&#110;&#46;de","sameAs":"http:\/\/www.schwarzwaldverein-st-georgen.de"},"performer":"Organization"},"ticketed":false}